{"id":989,"date":"2023-04-18T18:02:00","date_gmt":"2023-04-18T16:02:00","guid":{"rendered":"https:\/\/chaire.kasdigit.com\/?p=989"},"modified":"2024-06-14T13:59:25","modified_gmt":"2024-06-14T11:59:25","slug":"appel-a-candidaturehommage-a-un-maitre-professeur-noel-a-gbaguidi-puisque-cest-de-lui-quil-sagitappel-a-candidature","status":"publish","type":"post","link":"https:\/\/chaire.kasdigit.com\/index.php\/2023\/04\/18\/appel-a-candidaturehommage-a-un-maitre-professeur-noel-a-gbaguidi-puisque-cest-de-lui-quil-sagitappel-a-candidature\/","title":{"rendered":"HOMMAGE A UN MA\u00ceTRE, PROFESSEUR NO\u00cbL A. GBAGUIDI, puisque c\u2019est de lui qu\u2019il s\u2019agit."},"content":{"rendered":"\n<figure class=\"wp-block-gallery has-nested-images columns-default is-cropped wp-block-gallery-1 is-layout-flex wp-block-gallery-is-layout-flex\">\n<figure class=\"wp-block-image size-full\"><img fetchpriority=\"high\" decoding=\"async\" width=\"770\" height=\"450\" data-id=\"992\" src=\"https:\/\/chaire.kasdigit.com\/wp-content\/uploads\/2024\/05\/AVANT-770x450-1.png\" alt=\"\" class=\"wp-image-992\" srcset=\"https:\/\/chaire.kasdigit.com\/wp-content\/uploads\/2024\/05\/AVANT-770x450-1.png 770w, https:\/\/chaire.kasdigit.com\/wp-content\/uploads\/2024\/05\/AVANT-770x450-1-300x175.png 300w, https:\/\/chaire.kasdigit.com\/wp-content\/uploads\/2024\/05\/AVANT-770x450-1-768x449.png 768w\" sizes=\"(max-width: 770px) 100vw, 770px\" \/><\/figure>\n<\/figure>\n\n\n\n<p>Dans\u00a0les amphis des facult\u00e9s et \u00e9coles d\u2019ici et d\u2019ailleurs, Pendant que les \u00e9tudiants r\u00e9fl\u00e9chissaient, Les uns, sur la loi applicable au mariage c\u00e9l\u00e9br\u00e9 au Niger entre un b\u00e9ninois et un togolais, (Droit international priv\u00e9 dont vous \u00eates incontestablement l\u2019un des ma\u00eetres),<\/p>\n\n\n\n<p>Les autres, sur le malaise qui fonde le choix de leur sujet de m\u00e9moire de fin de formation (M\u00e9thodologie de la recherche en Droit profess\u00e9 avec passion),<br>Le Professeur No\u00ebl A. GBAGUIDI les regardait et se disait tout bas : \u00ab Jeunes gens, si je pouvais laisser dans vos esprits des id\u00e9es vraies, ce serait ma plus grande r\u00e9compense\u00a0\u00bb.<\/p>\n\n\n\n<p>Professeur, en ce moment o\u00f9 la communaut\u00e9 universitaire vous rend un hommage m\u00e9rit\u00e9, je pr\u00eate ma voix aux \u00e9tudiants, docteurs et professeurs que vous avez form\u00e9s, pour vous rassurer que vous l\u2019avez fait, \u00ab you did it \u00bb. Dans nos esprits bourgeonnent l\u2019amour du travail par objectif et bien fait de m\u00eame que les valeurs de rigueur, de ponctualit\u00e9, de discr\u00e9tion et d\u2019humilit\u00e9 qui vous caract\u00e9risent.<\/p>\n\n\n\n<p>La confiance en la jeunesse est l\u2019un des traits de votre personnalit\u00e9 fascinante. Aussi, ai-je \u00e9t\u00e9 nomm\u00e9 tr\u00e8s t\u00f4t Secr\u00e9taire scientifique de la Chaire Unesco des droits de la personne humaine et de la d\u00e9mocratie pour servir \u00e0 vos c\u00f4t\u00e9s et par la suite Titulaire de ladite Chaire lorsque vous avez \u00e9t\u00e9 appel\u00e9 \u00e0 servir au Conseil national de l\u2019\u00e9ducation en tant que Pr\u00e9sident. Je dois aussi d\u00e9sormais assurer certains de vos enseignements \u00e0 l\u2019\u00e9tranger et au B\u00e9nin dont celui de la M\u00e9thodologie de la recherche en Droit \u00e0 propos<br>duquel je voudrais ne pas manquer l\u2019occasion de partager avec vous les donn\u00e9es d\u2019un document de probl\u00e9matique suivant la d\u00e9marche que nous tenons de vous&nbsp;:<\/p>\n\n\n\n<p><strong>Ce qui devrait \u00eatre<\/strong>&nbsp;: le p\u00e8re doit avoir ses yeux sur ses enfants<\/p>\n\n\n\n<p><strong>Ce qui est<\/strong>&nbsp;: le p\u00e8re, Professeur No\u00ebl A. GBAGUIDI est admis \u00e0 la retraite<\/p>\n\n\n\n<p><strong>Le probl\u00e8me<\/strong>&nbsp;: les yeux du p\u00e8re sont d\u00e9sormais loin de ses enfants<\/p>\n\n\n\n<p><strong>Le sujet<\/strong>&nbsp;: Le devoir de regard paternel \u00e0 l\u2019\u00e9preuve du d\u00e9part \u00e0 la retraite<\/p>\n\n\n\n<p><strong>Question principale<\/strong>&nbsp;: Que faire pour que le p\u00e8re continue par avoir ses yeux sur ses enfants en d\u00e9pit de son d\u00e9part \u00e0 la retraite ?<\/p>\n\n\n\n<p><strong>Int\u00e9r\u00eat th\u00e9orique<\/strong>&nbsp;: Red\u00e9finition de la relation entre le p\u00e8re et les enfants ; celle-ci doit \u00eatre appr\u00e9hend\u00e9e comme une relation abstraite et pas toujours concr\u00e8te<\/p>\n\n\n\n<p><strong>Int\u00e9r\u00eat pratique<\/strong>&nbsp;: les enfants seront apais\u00e9s et continueront en toute s\u00e9r\u00e9nit\u00e9 \u00e0 progresser avec la conviction que le p\u00e8re a toujours ses yeux sur eux<\/p>\n\n\n\n<p><strong>Objectif<\/strong>&nbsp;: d\u00e9montrer qu\u2019il existe des voies et moyens pour garantir aux enfants le regard du p\u00e8re en d\u00e9pit du d\u00e9part de ce dernier \u00e0 la retraire<br><strong>Lignes d\u2019analyse<\/strong>&nbsp;: analyses substantielle et fonctionnaliste notamment<\/p>\n\n\n\n<p><strong>Deux axes du plan<\/strong>&nbsp;: Afin que les yeux du p\u00e8re ne quittent jamais ses enfants, ne serait-ce que de fa\u00e7on abstraite, d\u00e8s ce jour et pour toujours (I), le b\u00e2timent de la Chaire Unesco des droits de la personne humaine et de la d\u00e9mocratie est baptis\u00e9<\/p>\n\n\n\n<figure class=\"wp-block-gallery has-nested-images columns-default is-cropped wp-block-gallery-2 is-layout-flex wp-block-gallery-is-layout-flex\">\n<figure class=\"wp-block-image size-large\"><img decoding=\"async\" width=\"300\" height=\"300\" data-id=\"995\" src=\"https:\/\/chaire.kasdigit.com\/wp-content\/uploads\/2024\/05\/SLS-300x300-2.jpg\" alt=\"\" class=\"wp-image-995\" srcset=\"https:\/\/chaire.kasdigit.com\/wp-content\/uploads\/2024\/05\/SLS-300x300-2.jpg 300w, https:\/\/chaire.kasdigit.com\/wp-content\/uploads\/2024\/05\/SLS-300x300-2-150x150.jpg 150w, https:\/\/chaire.kasdigit.com\/wp-content\/uploads\/2024\/05\/SLS-300x300-2-100x100.jpg 100w\" sizes=\"(max-width: 300px) 100vw, 300px\" \/><\/figure>\n<\/figure>\n\n\n\n<h2 class=\"wp-block-heading\"><strong>B\u00e2t. Professeur No\u00ebl A. GBAGUIDI (II).<\/strong><\/h2>\n\n\n\n<p>Campus d\u2019Abomey-Calavi, le 23 mars 2023<\/p>\n\n\n\n<p class=\"has-text-align-right\">Samson Igor Bidossessi GUEDEGBE<br>Agr\u00e9g\u00e9 des Facult\u00e9s de Droit<br>Enseignant-Chercheur, FADESP\/UAC<br>Titulaire Chaire Unesco DPHD<\/p>\n","protected":false},"excerpt":{"rendered":"<p>Dans\u00a0les amphis des facult\u00e9s et \u00e9coles d\u2019ici et d\u2019ailleurs, Pendant que les \u00e9tudiants r\u00e9fl\u00e9chissaient, Les uns, sur la loi applicable au mariage c\u00e9l\u00e9br\u00e9 au Niger entre un b\u00e9ninois et un togolais, (Droit international priv\u00e9 dont vous \u00eates incontestablement l\u2019un des ma\u00eetres), Les autres, sur le malaise qui fonde le choix de leur sujet de m\u00e9moire de fin de formation (M\u00e9thodologie de la recherche en Droit profess\u00e9 avec passion),Le Professeur No\u00ebl A. GBAGUIDI les regardait et se disait tout bas : \u00ab Jeunes gens, si je pouvais laisser dans vos esprits des id\u00e9es vraies, ce serait ma plus grande r\u00e9compense\u00a0\u00bb. Professeur, en ce moment o\u00f9 la communaut\u00e9 universitaire vous rend un hommage m\u00e9rit\u00e9, je pr\u00eate ma voix aux \u00e9tudiants, docteurs et professeurs que vous avez form\u00e9s, pour vous rassurer que vous l\u2019avez fait, \u00ab you did it \u00bb. Dans nos esprits bourgeonnent l\u2019amour du travail par objectif et bien fait de m\u00eame que les valeurs de rigueur, de ponctualit\u00e9, de discr\u00e9tion et d\u2019humilit\u00e9 qui vous caract\u00e9risent. La confiance en la jeunesse est l\u2019un des traits de votre personnalit\u00e9 fascinante. Aussi, ai-je \u00e9t\u00e9 nomm\u00e9 tr\u00e8s t\u00f4t Secr\u00e9taire scientifique de la Chaire Unesco des droits de la personne humaine et de la d\u00e9mocratie pour servir \u00e0 vos c\u00f4t\u00e9s et par la suite Titulaire de ladite Chaire lorsque vous avez \u00e9t\u00e9 appel\u00e9 \u00e0 servir au Conseil national de l\u2019\u00e9ducation en tant que Pr\u00e9sident. Je dois aussi d\u00e9sormais assurer certains de vos enseignements \u00e0 l\u2019\u00e9tranger et au B\u00e9nin dont celui de la M\u00e9thodologie de la recherche en Droit \u00e0 proposduquel je voudrais ne pas manquer l\u2019occasion de partager avec vous les donn\u00e9es d\u2019un document de probl\u00e9matique suivant la d\u00e9marche que nous tenons de vous&nbsp;: Ce qui devrait \u00eatre&nbsp;: le p\u00e8re doit avoir ses yeux sur ses enfants Ce qui est&nbsp;: le p\u00e8re, Professeur No\u00ebl A. GBAGUIDI est admis \u00e0 la retraite Le probl\u00e8me&nbsp;: les yeux du p\u00e8re sont d\u00e9sormais loin de ses enfants Le sujet&nbsp;: Le devoir de regard paternel \u00e0 l\u2019\u00e9preuve du d\u00e9part \u00e0 la retraite Question principale&nbsp;: Que faire pour que le p\u00e8re continue par avoir ses yeux sur ses enfants en d\u00e9pit de son d\u00e9part \u00e0 la retraite ? Int\u00e9r\u00eat th\u00e9orique&nbsp;: Red\u00e9finition de la relation entre le p\u00e8re et les enfants ; celle-ci doit \u00eatre appr\u00e9hend\u00e9e comme une relation abstraite et pas toujours concr\u00e8te Int\u00e9r\u00eat pratique&nbsp;: les enfants seront apais\u00e9s et continueront en toute s\u00e9r\u00e9nit\u00e9 \u00e0 progresser avec la conviction que le p\u00e8re a toujours ses yeux sur eux Objectif&nbsp;: d\u00e9montrer qu\u2019il existe des voies et moyens pour garantir aux enfants le regard du p\u00e8re en d\u00e9pit du d\u00e9part de ce dernier \u00e0 la retraireLignes d\u2019analyse&nbsp;: analyses substantielle et fonctionnaliste notamment Deux axes du plan&nbsp;: Afin que les yeux du p\u00e8re ne quittent jamais ses enfants, ne serait-ce que de fa\u00e7on abstraite, d\u00e8s ce jour et pour toujours (I), le b\u00e2timent de la Chaire Unesco des droits de la personne humaine et de la d\u00e9mocratie est baptis\u00e9 B\u00e2t. Professeur No\u00ebl A. GBAGUIDI (II). Campus d\u2019Abomey-Calavi, le 23 mars 2023 Samson Igor Bidossessi GUEDEGBEAgr\u00e9g\u00e9 des Facult\u00e9s de DroitEnseignant-Chercheur, FADESP\/UACTitulaire Chaire Unesco DPHD<\/p>\n","protected":false},"author":1,"featured_media":999,"comment_status":"open","ping_status":"open","sticky":false,"template":"","format":"standard","meta":{"_eb_attr":"","site-sidebar-layout":"default","site-content-layout":"","ast-site-content-layout":"default","site-content-style":"default","site-sidebar-style":"default","ast-global-header-display":"","ast-banner-title-visibility":"","ast-main-header-display":"","ast-hfb-above-header-display":"","ast-hfb-below-header-display":"","ast-hfb-mobile-header-display":"","site-post-title":"","ast-breadcrumbs-content":"","ast-featured-img":"","footer-sml-layout":"","theme-transparent-header-meta":"","adv-header-id-meta":"","stick-header-meta":"","header-above-stick-meta":"","header-main-stick-meta":"","header-below-stick-meta":"","astra-migrate-meta-layouts":"default","ast-page-background-enabled":"default","ast-page-background-meta":{"desktop":{"background-color":"var(--ast-global-color-4)","background-image":"","background-repeat":"repeat","background-position":"center center","background-size":"auto","background-attachment":"scroll","background-type":"","background-media":"","overlay-type":"","overlay-color":"","overlay-opacity":"","overlay-gradient":""},"tablet":{"background-color":"","background-image":"","background-repeat":"repeat","background-position":"center center","background-size":"auto","background-attachment":"scroll","background-type":"","background-media":"","overlay-type":"","overlay-color":"","overlay-opacity":"","overlay-gradient":""},"mobile":{"background-color":"","background-image":"","background-repeat":"repeat","background-position":"center center","background-size":"auto","background-attachment":"scroll","background-type":"","background-media":"","overlay-type":"","overlay-color":"","overlay-opacity":"","overlay-gradient":""}},"ast-content-background-meta":{"desktop":{"background-color":"var(--ast-global-color-5)","background-image":"","background-repeat":"repeat","background-position":"center center","background-size":"auto","background-attachment":"scroll","background-type":"","background-media":"","overlay-type":"","overlay-color":"","overlay-opacity":"","overlay-gradient":""},"tablet":{"background-color":"var(--ast-global-color-5)","background-image":"","background-repeat":"repeat","background-position":"center center","background-size":"auto","background-attachment":"scroll","background-type":"","background-media":"","overlay-type":"","overlay-color":"","overlay-opacity":"","overlay-gradient":""},"mobile":{"background-color":"var(--ast-global-color-5)","background-image":"","background-repeat":"repeat","background-position":"center center","background-size":"auto","background-attachment":"scroll","background-type":"","background-media":"","overlay-type":"","overlay-color":"","overlay-opacity":"","overlay-gradient":""}},"footnotes":""},"categories":[1],"tags":[],"class_list":["post-989","post","type-post","status-publish","format-standard","has-post-thumbnail","hentry","category-non-classe"],"_links":{"self":[{"href":"https:\/\/chaire.kasdigit.com\/index.php\/wp-json\/wp\/v2\/posts\/989","targetHints":{"allow":["GET"]}}],"collection":[{"href":"https:\/\/chaire.kasdigit.com\/index.php\/wp-json\/wp\/v2\/posts"}],"about":[{"href":"https:\/\/chaire.kasdigit.com\/index.php\/wp-json\/wp\/v2\/types\/post"}],"author":[{"embeddable":true,"href":"https:\/\/chaire.kasdigit.com\/index.php\/wp-json\/wp\/v2\/users\/1"}],"replies":[{"embeddable":true,"href":"https:\/\/chaire.kasdigit.com\/index.php\/wp-json\/wp\/v2\/comments?post=989"}],"version-history":[{"count":2,"href":"https:\/\/chaire.kasdigit.com\/index.php\/wp-json\/wp\/v2\/posts\/989\/revisions"}],"predecessor-version":[{"id":1478,"href":"https:\/\/chaire.kasdigit.com\/index.php\/wp-json\/wp\/v2\/posts\/989\/revisions\/1478"}],"wp:featuredmedia":[{"embeddable":true,"href":"https:\/\/chaire.kasdigit.com\/index.php\/wp-json\/wp\/v2\/media\/999"}],"wp:attachment":[{"href":"https:\/\/chaire.kasdigit.com\/index.php\/wp-json\/wp\/v2\/media?parent=989"}],"wp:term":[{"taxonomy":"category","embeddable":true,"href":"https:\/\/chaire.kasdigit.com\/index.php\/wp-json\/wp\/v2\/categories?post=989"},{"taxonomy":"post_tag","embeddable":true,"href":"https:\/\/chaire.kasdigit.com\/index.php\/wp-json\/wp\/v2\/tags?post=989"}],"curies":[{"name":"wp","href":"https:\/\/api.w.org\/{rel}","templated":true}]}}